{"id":288,"date":"2016-02-27T09:02:36","date_gmt":"2016-02-27T08:02:36","guid":{"rendered":"http:\/\/xxl-strategie.fr\/?p=288"},"modified":"2016-03-01T16:37:32","modified_gmt":"2016-03-01T15:37:32","slug":"habilitation-carsat-referent-en-sante-et-securite-au-travail-sst","status":"publish","type":"post","link":"https:\/\/xxl-strategie.fr\/index.php\/2016\/02\/27\/habilitation-carsat-referent-en-sante-et-securite-au-travail-sst\/","title":{"rendered":"Habilitation CARSAT : R\u00e9f\u00e9rent en Sant\u00e9 et S\u00e9curit\u00e9 au Travail (SST)"},"content":{"rendered":"<p><strong><br \/>\n<img decoding=\"async\" loading=\"lazy\" class=\"size-full wp-image-313 alignleft\" src=\"http:\/\/xxl-strategie.fr\/wp-content\/uploads\/2016\/02\/SST-CARSAT.png\" alt=\"SST CARSAT\" width=\"296\" height=\"290\" \/>Nous proposons une formation valid\u00e9e\u00a0par la CARSAT Nord Picardie \u00e0 l&rsquo;attention des r\u00e9f\u00e9rents SST. Cette formation vous permettra d\u2019\u00e9laborer et\u00a0mettre\u00a0en \u0153uvre d\u2019une d\u00e9marche de pr\u00e9vention des risques professionnels dans votre entreprise.<\/strong><\/p>\n<p>L&#8217;employeur, quelle que soit la taille et le secteur de son entreprise, doit d\u00e9signer un r\u00e9f\u00e9rent en sant\u00e9 et s\u00e9curit\u00e9 du travail, d\u00e9j\u00e0 comp\u00e9tent ou form\u00e9 sp\u00e9cifiquement (Article L.4644-1 du Code du Travail) : Sa mission est de participer \u00e0 la r\u00e9daction du Document Unique de S\u00e9curit\u00e9 d&rsquo;\u00e9valuation des risques, de diffuser les consignes de s\u00e9curit\u00e9, d&rsquo;informer les nouveaux embauch\u00e9s, int\u00e9rimaires, saisonniers sur les dangers auxquels ils peuvent \u00eatre confront\u00e9s, de s&rsquo;assurer que les v\u00e9rifications p\u00e9riodiques obligatoires du mat\u00e9riel et des \u00e9quipements sont faites&#8230;<\/p>\n<p>A l\u2019issue de la formation, le salari\u00e9 a l\u2019opportunit\u00e9 dans le cadre d\u2019une \u00e9valuation, d\u2019obtenir une <strong>attestation d\u00e9livr\u00e9e par l\u2019Assurance maladie- risques professionnels et l\u2019INRS<\/strong> pour certifier ses acquis.<\/p>\n<p>Renseignements : Sylvie LENOIR \/ 06 65 32 87 70<\/p>\n","protected":false},"excerpt":{"rendered":"<p>Nous proposons une formation valid\u00e9e\u00a0par la CARSAT Nord Picardie \u00e0 l&rsquo;attention des r\u00e9f\u00e9rents SST. Cette formation vous permettra d\u2019\u00e9laborer et\u00a0mettre\u00a0en \u0153uvre d\u2019une d\u00e9marche de pr\u00e9vention des risques professionnels dans votre entreprise. L&#8217;employeur, quelle que soit la taille et le secteur de son entreprise, doit d\u00e9signer un r\u00e9f\u00e9rent en sant\u00e9 et s\u00e9curit\u00e9 du travail, d\u00e9j\u00e0 comp\u00e9tent [&hellip;]<\/p>\n","protected":false},"author":1,"featured_media":0,"comment_status":"closed","ping_status":"open","sticky":false,"template":"","format":"standard","meta":[],"categories":[13,28],"tags":[32,30,31,29],"_links":{"self":[{"href":"https:\/\/xxl-strategie.fr\/index.php\/wp-json\/wp\/v2\/posts\/288"}],"collection":[{"href":"https:\/\/xxl-strategie.fr\/index.php\/wp-json\/wp\/v2\/posts"}],"about":[{"href":"https:\/\/xxl-strategie.fr\/index.php\/wp-json\/wp\/v2\/types\/post"}],"author":[{"embeddable":true,"href":"https:\/\/xxl-strategie.fr\/index.php\/wp-json\/wp\/v2\/users\/1"}],"replies":[{"embeddable":true,"href":"https:\/\/xxl-strategie.fr\/index.php\/wp-json\/wp\/v2\/comments?post=288"}],"version-history":[{"count":3,"href":"https:\/\/xxl-strategie.fr\/index.php\/wp-json\/wp\/v2\/posts\/288\/revisions"}],"predecessor-version":[{"id":314,"href":"https:\/\/xxl-strategie.fr\/index.php\/wp-json\/wp\/v2\/posts\/288\/revisions\/314"}],"wp:attachment":[{"href":"https:\/\/xxl-strategie.fr\/index.php\/wp-json\/wp\/v2\/media?parent=288"}],"wp:term":[{"taxonomy":"category","embeddable":true,"href":"https:\/\/xxl-strategie.fr\/index.php\/wp-json\/wp\/v2\/categories?post=288"},{"taxonomy":"post_tag","embeddable":true,"href":"https:\/\/xxl-strategie.fr\/index.php\/wp-json\/wp\/v2\/tags?post=288"}],"curies":[{"name":"wp","href":"https:\/\/api.w.org\/{rel}","templated":true}]}}